{"id":2857,"date":"2026-04-29T11:09:49","date_gmt":"2026-04-29T09:09:49","guid":{"rendered":"https:\/\/smppolesine.provincia.rovigo.it\/?p=2857"},"modified":"2026-04-29T11:09:49","modified_gmt":"2026-04-29T09:09:49","slug":"primavera-al-museo-a-lalboron-di-costa-di-rovigo","status":"publish","type":"post","link":"https:\/\/smppolesine.provincia.rovigo.it\/index.php\/primavera-al-museo-a-lalboron-di-costa-di-rovigo\/","title":{"rendered":"Primavera al Museo &#8220;A l&#8217;Alboron&#8221; di Costa di Rovigo"},"content":{"rendered":"<p>Al <a href=\"https:\/\/smppolesine.provincia.rovigo.it\/index.php\/project\/museo-etnografico-a-lalboron-costa-di-rovigo-nel-tempo\/\">Museo Etnografico &#8220;A L&#8217;Alboron&#8221; di Costa di Rovigo<\/a> si festeggia la primavera con 4 giorni di proposte culturali e attivit\u00e0 per tutte le et\u00e0. A partire dall&#8217;1 maggio si potr\u00e0 visitare la mostra fotografica dedicata ai musei del Sistema Museale Provinciale Polesine (SMPP), realizzata dalla Provincia di Rovigo nell&#8217;ambito del programma ministeriale &#8220;MuSST &#8211; Musei e Sviluppo dei Sistemi Territoriali&#8221;: un percorso per immagini, che consente di apprezzare la straordinaria variet\u00e0 e ricchezza della rete museale provinciale.<\/p>\n<p>Nel corso del lungo fine settimana saranno organizzate anche visite guidate al museo e proiezioni di filmati storici della civilt\u00e0 contadina.<\/p>\n<p>Venerd\u00ec 1 maggio, dalle 15.00 alle 18.00, per i pi\u00f9 piccoli sar\u00e0 proposto il &#8220;Laboratorio Steineriano di falegnameria&#8221; (consigliata la prenotazione al 3394992440): i lavori realizzati nel corso del laboratorio diventeranno splendidi omaggi per i giovani partecipanti.<\/p>\n<p>Tutte le sere alle 18.00 &#8220;Aperitivo al museo&#8221;.<\/p>\n<p><img loading=\"lazy\" decoding=\"async\" class=\"alignnone wp-image-2858\" src=\"https:\/\/smppolesine.provincia.rovigo.it\/wp-content\/uploads\/2026\/04\/Screenshot_20260427-115006_ChatGPT-1-198x300.jpg\" alt=\"\" width=\"201\" height=\"305\" \/><\/p>\n","protected":false},"excerpt":{"rendered":"<p>Dall&#8217;1 al 4 maggio si festeggia la primavera tra visite guidate, attivit\u00e0 per i pi\u00f9 piccoli e aperitivi al museo etnografico di Costa di Rovigo.<\/p>\n","protected":false},"author":4,"featured_media":2174,"comment_status":"open","ping_status":"open","sticky":false,"template":"","format":"standard","meta":{"_et_pb_use_builder":"","_et_pb_old_content":"","_et_gb_content_width":"","footnotes":""},"categories":[56],"tags":[],"class_list":["post-2857","post","type-post","status-publish","format-standard","has-post-thumbnail","hentry","category-maggio-2026"],"_links":{"self":[{"href":"https:\/\/smppolesine.provincia.rovigo.it\/index.php\/wp-json\/wp\/v2\/posts\/2857","targetHints":{"allow":["GET"]}}],"collection":[{"href":"https:\/\/smppolesine.provincia.rovigo.it\/index.php\/wp-json\/wp\/v2\/posts"}],"about":[{"href":"https:\/\/smppolesine.provincia.rovigo.it\/index.php\/wp-json\/wp\/v2\/types\/post"}],"author":[{"embeddable":true,"href":"https:\/\/smppolesine.provincia.rovigo.it\/index.php\/wp-json\/wp\/v2\/users\/4"}],"replies":[{"embeddable":true,"href":"https:\/\/smppolesine.provincia.rovigo.it\/index.php\/wp-json\/wp\/v2\/comments?post=2857"}],"version-history":[{"count":3,"href":"https:\/\/smppolesine.provincia.rovigo.it\/index.php\/wp-json\/wp\/v2\/posts\/2857\/revisions"}],"predecessor-version":[{"id":2863,"href":"https:\/\/smppolesine.provincia.rovigo.it\/index.php\/wp-json\/wp\/v2\/posts\/2857\/revisions\/2863"}],"wp:featuredmedia":[{"embeddable":true,"href":"https:\/\/smppolesine.provincia.rovigo.it\/index.php\/wp-json\/wp\/v2\/media\/2174"}],"wp:attachment":[{"href":"https:\/\/smppolesine.provincia.rovigo.it\/index.php\/wp-json\/wp\/v2\/media?parent=2857"}],"wp:term":[{"taxonomy":"category","embeddable":true,"href":"https:\/\/smppolesine.provincia.rovigo.it\/index.php\/wp-json\/wp\/v2\/categories?post=2857"},{"taxonomy":"post_tag","embeddable":true,"href":"https:\/\/smppolesine.provincia.rovigo.it\/index.php\/wp-json\/wp\/v2\/tags?post=2857"}],"curies":[{"name":"wp","href":"https:\/\/api.w.org\/{rel}","templated":true}]}}